[{"@context":"https:\/\/schema.org\/","@type":"Article","@id":"https:\/\/www.kimall.sk\/povedat-mrzi-nas-nestaci\/#Article","mainEntityOfPage":"https:\/\/www.kimall.sk\/povedat-mrzi-nas-nestaci\/","headline":"Poveda\u0165 mrz\u00ed n\u00e1s, nesta\u010d\u00ed","name":"Poveda\u0165 mrz\u00ed n\u00e1s, nesta\u010d\u00ed","description":"Je vyslovene pozoruhodn\u00e9 \u017ee krajina ktor\u00e1 rozp\u00fatala najv\u00e4\u010d\u0161\u00ed konflikt v dejin\u00e1ch \u013eudstva a vedome vyvra\u017e\u010fovala cel\u00e9 dediny dnes niekomu rozpr\u00e1va ak\u00e9 je d\u00f4le\u017eit\u00e9 zast\u00e1va\u0165 mor\u00e1lne z\u00e1sady. Lep\u0161ie povedan\u00e9...","datePublished":"2019-08-24","dateModified":"2019-08-24","author":{"@type":"Person","@id":"https:\/\/www.kimall.sk\/author\/#Person","name":"","url":"https:\/\/www.kimall.sk\/author\/","identifier":1,"image":{"@type":"ImageObject","@id":"https:\/\/secure.gravatar.com\/avatar\/13dbcc20b7c05fcb5c4a6b0bee5a7107a0aae9238a83a4088a42d170780b2eca?s=96&d=mm&r=g","url":"https:\/\/secure.gravatar.com\/avatar\/13dbcc20b7c05fcb5c4a6b0bee5a7107a0aae9238a83a4088a42d170780b2eca?s=96&d=mm&r=g","height":96,"width":96}},"publisher":{"@type":"Organization","name":"kimall.sk","logo":{"@type":"ImageObject","@id":"\/logo.png","url":"\/logo.png","width":600,"height":60}},"image":{"@type":"ImageObject","@id":"https:\/\/www.kimall.sk\/wp-content\/uploads\/img_a305586_w16705_t1567010667.jpg","url":"https:\/\/www.kimall.sk\/wp-content\/uploads\/img_a305586_w16705_t1567010667.jpg","height":0,"width":0},"url":"https:\/\/www.kimall.sk\/povedat-mrzi-nas-nestaci\/","about":["Slu\u017eby"],"wordCount":424,"articleBody":"Je vyslovene pozoruhodn\u00e9 \u017ee krajina ktor\u00e1 rozp\u00fatala najv\u00e4\u010d\u0161\u00ed konflikt v dejin\u00e1ch \u013eudstva a vedome vyvra\u017e\u010fovala cel\u00e9 dediny dnes niekomu rozpr\u00e1va ak\u00e9 je d\u00f4le\u017eit\u00e9 zast\u00e1va\u0165 mor\u00e1lne z\u00e1sady. Lep\u0161ie povedan\u00e9 o je a \u010do nie je spr\u00e1vne. No na aj tu mo\u017eno svit\u00e1 na lep\u0161ie \u010dasy i ke\u010f pomaly ale isto.\u00a0 Nemecko kone\u010dne dok\u00e1zalo pod\u013ea svojho vyjadrenia uzavrie\u0165 ot\u00e1zku o vojensk\u00fdch repar\u00e1ci\u00ed s Po\u013eskom. Aspo\u0148 sa tak vyjadril nemeck\u00fd minister zahrani\u010dn\u00fdch vec\u00ed Heiko Mass po stretnut\u00ed s po\u013esk\u00fdm ministrom zahrani\u010dn\u00fdch vec\u00ed Jacekem Czaputowiczem vo Var\u0161ave.\u00a0Z\u00e1rove\u0148 v\u0161ak Mass zd\u00f4raznil \u017ee hoci je pre Nemecko t\u00e1to kapitola uzatvoren\u00e1, tak Nemecko aj na\u010falej c\u00edti povinnos\u0165 pam\u00e4ta\u0165 si nacistick\u00e9 zlo\u010diny i po tom \u010do zomrie ich posledn\u00fd svedok. Toto vyjadrenie je zrejme reakciou na predo\u0161le vyjadrenie Po\u013esk\u00e9ho prezidenta Andrzeja Dudy v ot\u00e1zke repar\u00e1cie za Nemeck\u00e9 nacistick\u00e9 zlo\u010diny.\u00a0 V tejto s\u00favislosti sa tu v s\u00fa\u010dasnosti bav\u00edme o sume okolo 900 mili\u00e1rd dol\u00e1rov. Preto\u017ee Poliaci maj\u00fa st\u00e1le opr\u00e1vnen\u00fd pocit \u017ee \u0161kody ktor\u00e9 im Nemci sp\u00f4sobili neboli ani dodnes vynahraden\u00e9 a krajina mohla ove\u013ea viac ekonomicky prosperova\u0165 ako je tomu v s\u00fa\u010dasnosti. Na druhej strane sa ale Nemecko st\u00e1le dookola odvol\u00e1va a pova\u017euje t\u00fato temn\u00fa etapu dej\u00edn za uzatvoren\u00fa aspo\u0148 \u010do sa Po\u013eska t\u00fdka. Je to najme z d\u00f4vodu ako sami uv\u00e1dzaj\u00fa \u017ee Po\u013esko sam\u00e9 odmietlo repar\u00e1ciu u\u017e v roku 1953 a preto je pre nich t\u00e1to ot\u00e1zka uzatvoren\u00e1. Aby toho nebolo m\u00e1lo, podobn\u00fd n\u00e1zor ako Poliaci maj\u00fa i Gr\u00e9ci ktor\u00fd 18 apr\u00edla predlo\u017eili tie\u017e po\u017eiadavku na n\u00e1hradu sk\u00f4r a to vo v\u00fd\u0161ke zhruba 280 mili\u00e1rd e\u00far. Samotn\u00e1 repar\u00e1cia \u010di u\u017e Po\u013eska, Gr\u00e9cka \u010di inej dotknutej krajiny by mala by\u0165 pova\u017eovan\u00e1 za povinnos\u0165 akejko\u013evek Nemeckej vl\u00e1dy ale o\u010dividne tu nie je v\u00f4\u013ea na ni\u010d in\u00e9 ako oby\u010dajne bl\u00e1bolenie a tam to v\u0161etko kon\u010d\u00ed. Treba si predsa uvedomi\u0165 \u017ee Nemeck\u00e1 ekonomika patr\u00ed v Eur\u00f3pskej \u00fani\u00ed k t\u00fdm najv\u00e4\u010d\u0161\u00edm a to si dobre uvedomuj\u00fa aj oni sa mi a preto vedia \u010do si m\u00f4\u017eu a \u010do nie dovoli\u0165. Bohu\u017eia\u013e to vyu\u017e\u00edvaj\u00fa aj v tak smutnej a temnej udalosti akou bola druh\u00e1 svetov\u00e1 vojna.                                                                                                                                                                                                                                                                                                                                                                                        4.7\/5 - (7 votes)        "},{"@context":"https:\/\/schema.org\/","@type":"BreadcrumbList","itemListElement":[{"@type":"ListItem","position":1,"name":"Poveda\u0165 mrz\u00ed n\u00e1s, nesta\u010d\u00ed","item":"https:\/\/www.kimall.sk\/povedat-mrzi-nas-nestaci\/#breadcrumbitem"}]}]