[{"@context":"https:\/\/schema.org\/","@type":"Article","@id":"https:\/\/www.kimall.sk\/kto-sme\/#Article","mainEntityOfPage":"https:\/\/www.kimall.sk\/kto-sme\/","headline":"Kto sme?","name":"Kto sme?","description":"U\u017e gr\u00e9cky starovek\u00fd filozof Sokrates nab\u00e1dal \u013eud\u00ed k p\u00e1traniu po vlastnej identite my\u0161lienkou &#8211; Spoznaj seba sam\u00e9ho. R\u00f4zne filozofick\u00e9 u\u010denia naprie\u010d st\u00e1ro\u010diami t\u00fa\u017eili obsiahnu\u0165 poznanie o svete, a...","datePublished":"2023-08-20","dateModified":"2023-08-20","author":{"@type":"Person","@id":"https:\/\/www.kimall.sk\/author\/#Person","name":"","url":"https:\/\/www.kimall.sk\/author\/","identifier":1,"image":{"@type":"ImageObject","@id":"https:\/\/secure.gravatar.com\/avatar\/13dbcc20b7c05fcb5c4a6b0bee5a7107a0aae9238a83a4088a42d170780b2eca?s=96&d=mm&r=g","url":"https:\/\/secure.gravatar.com\/avatar\/13dbcc20b7c05fcb5c4a6b0bee5a7107a0aae9238a83a4088a42d170780b2eca?s=96&d=mm&r=g","height":96,"width":96}},"publisher":{"@type":"Organization","name":"kimall.sk","logo":{"@type":"ImageObject","@id":"\/logo.png","url":"\/logo.png","width":600,"height":60}},"image":{"@type":"ImageObject","@id":"https:\/\/www.kimall.sk\/wp-content\/uploads\/pexels-jj-jordan-3872936.jpg","url":"https:\/\/www.kimall.sk\/wp-content\/uploads\/pexels-jj-jordan-3872936.jpg","height":0,"width":0},"url":"https:\/\/www.kimall.sk\/kto-sme\/","wordCount":380,"articleBody":"   U\u017e gr\u00e9cky starovek\u00fd filozof Sokrates nab\u00e1dal \u013eud\u00ed k p\u00e1traniu po vlastnej identite my\u0161lienkou &#8211; Spoznaj seba sam\u00e9ho. R\u00f4zne filozofick\u00e9 u\u010denia naprie\u010d st\u00e1ro\u010diami t\u00fa\u017eili obsiahnu\u0165 poznanie o svete, a to ich nevyhnutne priviedlo ku sk\u00famaniu \u010dloveka, k jeho pre\u017e\u00edvania a sp\u00f4sobu uchopenia sveta. Cesta sebapoznania je star\u00e1 ako \u013eudstvo sam\u00e9 a bude v\u017edy platn\u00e1, preto\u017ee v ka\u017edej dobe uva\u017eujeme nad odpove\u010fou na ot\u00e1zku: Kto som? Kam smerujem?Tieto ot\u00e1zky si \u017eiadaj\u00fa \u00faprimn\u00e9 odpovede a sebareflexiu, proces b\u00e1dania je niekedy n\u00e1ro\u010dn\u00fd a nejednozna\u010dn\u00fd. Toto objavovanie si mus\u00ed ka\u017ed\u00fd rozhodn\u00fa\u0165 s\u00e1m v sebe, no existuj\u00fa r\u00f4zne mo\u017enosti, ako sebapoznaniu napom\u00f4c\u0165. Mo\u017eno ste gniaven\u00ed mno\u017estvom pracovn\u00fdch \u00faloh, rodinn\u00fdch \u010di partnersk\u00fdch probl\u00e9mov, nevid\u00edte realitu alebo sa nah\u00e1\u0148ate za splnen\u00edm r\u00f4znych cie\u013eov &#8211; vtedy je va\u0161a myse\u013e zahmlen\u00e1 a pojem du\u0161e je na m\u00edle vzdialen\u00fd. V\u00e4\u010d\u0161ina z n\u00e1s sa identifikuje v r\u00e1mci rodiny alebo pr\u00e1ce &#8211; nie v\u017edy to v\u0161ak odr\u00e1\u017ea realitu a na samotn\u00fa osobnostn\u00fa charakteristiku by to azda bolo m\u00e1lo. Definuje n\u00e1s na\u0161e telo, na\u0161e miesto v spolo\u010dnosti? To nem\u00f4\u017ee odr\u00e1\u017ea\u0165 na\u0161u skuto\u010dn\u00fa podstatu, preto\u017ee sa neust\u00e1le men\u00ed. Ak chceme nazrie\u0165 do vn\u00fatra a riadi\u0165 sa vlastn\u00fdmi em\u00f3ciami \u010di rozumom, zrejme n\u00e1s to op\u00e4tovne nenavedie na spr\u00e1vnu cestu. Na\u0161u prav\u00fa podstatu tvor\u00ed du\u0161a, duchovn\u00e1 energia, ktor\u00e1 nie je zalo\u017een\u00e1 na z\u00e1klade zmyslov, ale poznania, ktor\u00e9 je trval\u00e9 a ve\u010dn\u00e9. \u010co n\u00e1m zabra\u0148uje vn\u00edma\u0165 na\u0161e prav\u00e9 vn\u00fatorn\u00e9 ja? Vonkaj\u0161\u00ed svet so svoj\u00edm hmotn\u00fdm z\u00e1kladom, hmotn\u00e9 telo, ktor\u00e9 je pominute\u013en\u00e9. Du\u0161a sa m\u00f4\u017ee objavi\u0165 ka\u017ed\u00fd de\u0148, pri vz\u00e1cnych momentoch, kedy jej umo\u017en\u00edme priamo pr\u00fadi\u0165. Dok\u00e1\u017eeme to prostredn\u00edctvom medita\u010dn\u00fdch techn\u00edk po\u010das cvi\u010den\u00ed jogy. Nad\u00fdchnite sa a dovo\u013ete si zotrva\u0165 v pr\u00edtomnosti &#8211; preto\u017ee to je aj va\u0161a bud\u00facnos\u0165. Radi v\u00e1s budeme vies\u0165 na na\u0161ich str\u00e1nkach.                                                                                                                                                                                                                                                                                                                                                                                          4.2\/5 - (12 votes)        "},{"@context":"https:\/\/schema.org\/","@type":"BreadcrumbList","itemListElement":[{"@type":"ListItem","position":1,"name":"Kto sme?","item":"https:\/\/www.kimall.sk\/kto-sme\/#breadcrumbitem"}]}]